{"id":13245,"date":"2021-09-29T14:06:00","date_gmt":"2021-09-29T12:06:00","guid":{"rendered":"http:\/\/wordpress.p541088.webspaceconfig.de\/nur-als-einheit-funktionell\/"},"modified":"2022-01-18T10:34:21","modified_gmt":"2022-01-18T09:34:21","slug":"nur-als-einheit-funktionell","status":"publish","type":"post","link":"https:\/\/bsw-kehl.de\/en\/nur-als-einheit-funktionell\/","title":{"rendered":"Functional only as a unit"},"content":{"rendered":"\t\t<div data-elementor-type=\"wp-post\" data-elementor-id=\"13245\" class=\"elementor elementor-13245 elementor-12944\" data-elementor-post-type=\"post\">\n\t\t\t\t\t\t<section class=\"elementor-section elementor-top-section elementor-element elementor-element-4f67d733 elementor-section-boxed elementor-section-height-default elementor-section-height-default\" data-id=\"4f67d733\" data-element_type=\"section\" data-e-type=\"section\" data-settings=\"{&quot;jet_parallax_layout_list&quot;:[{&quot;jet_parallax_layout_image&quot;:{&quot;url&quot;:&quot;&quot;,&quot;id&quot;:&quot;&quot;,&quot;size&quot;:&quot;&quot;},&quot;_id&quot;:&quot;35974f7&quot;,&quot;jet_parallax_layout_image_tablet&quot;:{&quot;url&quot;:&quot;&quot;,&quot;id&quot;:&quot;&quot;,&quot;size&quot;:&quot;&quot;},&quot;jet_parallax_layout_image_mobile&quot;:{&quot;url&quot;:&quot;&quot;,&quot;id&quot;:&quot;&quot;,&quot;size&quot;:&quot;&quot;},&quot;jet_parallax_layout_speed&quot;:{&quot;unit&quot;:&quot;%&quot;,&quot;size&quot;:50,&quot;sizes&quot;:[]},&quot;jet_parallax_layout_type&quot;:&quot;scroll&quot;,&quot;jet_parallax_layout_direction&quot;:&quot;1&quot;,&quot;jet_parallax_layout_fx_direction&quot;:null,&quot;jet_parallax_layout_z_index&quot;:&quot;&quot;,&quot;jet_parallax_layout_bg_x&quot;:50,&quot;jet_parallax_layout_bg_x_tablet&quot;:&quot;&quot;,&quot;jet_parallax_layout_bg_x_mobile&quot;:&quot;&quot;,&quot;jet_parallax_layout_bg_y&quot;:50,&quot;jet_parallax_layout_bg_y_tablet&quot;:&quot;&quot;,&quot;jet_parallax_layout_bg_y_mobile&quot;:&quot;&quot;,&quot;jet_parallax_layout_bg_size&quot;:&quot;auto&quot;,&quot;jet_parallax_layout_bg_size_tablet&quot;:&quot;&quot;,&quot;jet_parallax_layout_bg_size_mobile&quot;:&quot;&quot;,&quot;jet_parallax_layout_animation_prop&quot;:&quot;transform&quot;,&quot;jet_parallax_layout_on&quot;:[&quot;desktop&quot;,&quot;tablet&quot;]}]}\">\n\t\t\t\t\t\t<div class=\"elementor-container elementor-column-gap-default\">\n\t\t\t\t\t<div class=\"elementor-column elementor-col-100 elementor-top-column elementor-element elementor-element-69ae47ee\" data-id=\"69ae47ee\" data-element_type=\"column\" data-e-type=\"column\">\n\t\t\t<div class=\"elementor-widget-wrap elementor-element-populated\">\n\t\t\t\t\t\t<div class=\"elementor-element elementor-element-570e6c91 elementor-widget elementor-widget-text-editor\" data-id=\"570e6c91\" data-element_type=\"widget\" data-e-type=\"widget\" data-widget_type=\"text-editor.default\">\n\t\t\t\t<div class=\"elementor-widget-container\">\n\t\t\t\t\t\t\t\t\t<p><b>Vertreter dreier L\u00e4nder waren im Zuge der Oberrhein-Konferenz in Kehl und im Stahlwerk<\/b><\/p><p>Seit 30 Jahren gibt es die trinationale Oberrheinkonferenz (ORK), in der Vertreter der Regierungen Frankreichs, der Schweiz (hier Kantone Basel-Land und Basel-Stadt) und Deutschlands (hier Baden-W\u00fcrttemberg und Rheinland-Pfalz) zusammenarbeiten und sich mit grenz\u00fcbergreifenden Themen befassen.\u00a0<\/p><p>Seit 25 Jahren hat das Sekreteriat der Oberrheinkonferenz seinen Sitz in der Kehler Rehfus-Villa. Am Freitag hat das Pr\u00e4sidium der ORK unter Vorsitz der Freiburger Regierungspr\u00e4sidentin B\u00e4rbel Sch\u00e4fer erstmals in Kehl getagt und Oberb\u00fcrgermeister Toni Vetrano die Gelegenheit gegeben, nicht nur seine Sicht auf die rhein\u00fcberschreitende Zusammenarbeit sondern zugleich die gr\u00f6\u00dferen Herausforderungen zu benennen.<\/p><p>Am Nachmittag besichtigte ein Teil der Delegation aus den drei L\u00e4ndern das Stahlwerk, um sich das Projekt zur rhein\u00fcberschreitenden Nutzung der Abw\u00e4rme der BSW n\u00e4her erl\u00e4utern zu lassen, hei\u00dft es in einer Pressemitteilung der Stadt.<\/p><p>Die dreimonatige Grenzschlie\u00dfung im Fr\u00fchjahr des vergangenen Jahres haben den Ballungsraum Stra\u00dfburg-Kehl mit seinen engen Verflechtungen hart getroffen, zu menschlichen H\u00e4rten, existenziellen N\u00f6ten und unmenschlichen Entgleisungen gef\u00fchrt, fasste der OB Toni Vetrano zusammen. Die Grenzschlie\u00dfung habe \u00fcberdeutlich gemacht, &#8220;was wir schon wussten: Dieser rhein\u00fcberschreitende Lebensraum funktioniert nur als Einheit.&#8221; Die Pandemie habe aber auch gezeigt, dass an einer rhein\u00fcbergreifenden Kooperation im Bereich Gesundheit kein Weg vorbeif\u00fchre, sagte der OB und wurde deutlich: Nicht nur die Gesundheitsbeh\u00f6rden m\u00fcssten enger zusammenarbeiten, die Gesundheitseinrichtungen auf beiden Rheinseiten m\u00fcssten f\u00fcr alle Einwohner des rhein\u00fcbergreifenden Lebensraums zug\u00e4nglich werden, forderte er &#8211; die Themen Gesundheit und Katastrophenschutz standen ganz oben auf der Tagesordnung des ORK-Pr\u00e4sidiums.<\/p><p>Er bedankte sich bei Regierungspr\u00e4sidentin Sch\u00e4fer f\u00fcr deren Unterst\u00fctzung zum einen w\u00e4hrend der Pandemie zum anderen aber auch bei allen Leuchtturmprojektender Kooperation zwischen Stra\u00dfburg und Kehl: &#8220;Sie haben uns immer sehr geholfen und vieles m\u00f6glich gemacht, was wir alleine nicht hinbekommen h\u00e4tten.&#8221; Das gelte auch fpr das aktuelle Gro\u00dfprojekt, der rhein\u00fcbergreifende Nutzung der Abw\u00e4rme der Badischen Stahlwerke. Bei diesen ehrgeizigen, vom Interreg-Fonds gef\u00f6rderten Vorhaben, seien die zw\u00f6lf Partner gerade an der Endfassung der Statuten f\u00fcr die grenz\u00fcberschreitende W\u00e4rmegesellschaft, die noch in diesem Jahr gegr\u00fcndet werden solle.<\/p>\t\t\t\t\t\t\t\t<\/div>\n\t\t\t\t<\/div>\n\t\t\t\t<div class=\"elementor-element elementor-element-8c1673d elementor-tablet-align-center button-bildmarke elementor-align-left elementor-widget-tablet__width-initial elementor-widget elementor-widget-button\" data-id=\"8c1673d\" data-element_type=\"widget\" data-e-type=\"widget\" data-widget_type=\"button.default\">\n\t\t\t\t<div class=\"elementor-widget-container\">\n\t\t\t\t\t\t\t\t\t<div class=\"elementor-button-wrapper\">\n\t\t\t\t\t<a class=\"elementor-button elementor-button-link elementor-size-md\" href=\"http:\/\/wordpress.p677795.webspaceconfig.de\/wp-content\/uploads\/2021\/10\/2021-09-29-Oberrhein-Konferenz-bei-BSW.pdf\" target=\"_blank\">\n\t\t\t\t\t\t<span class=\"elementor-button-content-wrapper\">\n\t\t\t\t\t\t\t\t\t<span class=\"elementor-button-text\">read article<\/span>\n\t\t\t\t\t<\/span>\n\t\t\t\t\t<\/a>\n\t\t\t\t<\/div>\n\t\t\t\t\t\t\t\t<\/div>\n\t\t\t\t<\/div>\n\t\t\t\t\t<\/div>\n\t\t<\/div>\n\t\t\t\t\t<\/div>\n\t\t<\/section>\n\t\t\t\t<section class=\"elementor-section elementor-top-section elementor-element elementor-element-58032cd elementor-hidden-tablet elementor-hidden-phone elementor-section-boxed elementor-section-height-default elementor-section-height-default\" data-id=\"58032cd\" data-element_type=\"section\" data-e-type=\"section\" data-settings=\"{&quot;jet_parallax_layout_list&quot;:[{&quot;jet_parallax_layout_image&quot;:{&quot;url&quot;:&quot;&quot;,&quot;id&quot;:&quot;&quot;,&quot;size&quot;:&quot;&quot;},&quot;_id&quot;:&quot;7677ef9&quot;,&quot;jet_parallax_layout_image_tablet&quot;:{&quot;url&quot;:&quot;&quot;,&quot;id&quot;:&quot;&quot;,&quot;size&quot;:&quot;&quot;},&quot;jet_parallax_layout_image_mobile&quot;:{&quot;url&quot;:&quot;&quot;,&quot;id&quot;:&quot;&quot;,&quot;size&quot;:&quot;&quot;},&quot;jet_parallax_layout_speed&quot;:{&quot;unit&quot;:&quot;%&quot;,&quot;size&quot;:50,&quot;sizes&quot;:[]},&quot;jet_parallax_layout_type&quot;:&quot;scroll&quot;,&quot;jet_parallax_layout_direction&quot;:&quot;1&quot;,&quot;jet_parallax_layout_fx_direction&quot;:null,&quot;jet_parallax_layout_z_index&quot;:&quot;&quot;,&quot;jet_parallax_layout_bg_x&quot;:50,&quot;jet_parallax_layout_bg_x_tablet&quot;:&quot;&quot;,&quot;jet_parallax_layout_bg_x_mobile&quot;:&quot;&quot;,&quot;jet_parallax_layout_bg_y&quot;:50,&quot;jet_parallax_layout_bg_y_tablet&quot;:&quot;&quot;,&quot;jet_parallax_layout_bg_y_mobile&quot;:&quot;&quot;,&quot;jet_parallax_layout_bg_size&quot;:&quot;auto&quot;,&quot;jet_parallax_layout_bg_size_tablet&quot;:&quot;&quot;,&quot;jet_parallax_layout_bg_size_mobile&quot;:&quot;&quot;,&quot;jet_parallax_layout_animation_prop&quot;:&quot;transform&quot;,&quot;jet_parallax_layout_on&quot;:[&quot;desktop&quot;,&quot;tablet&quot;]}]}\">\n\t\t\t\t\t\t<div class=\"elementor-container elementor-column-gap-default\">\n\t\t\t\t\t<div class=\"elementor-column elementor-col-100 elementor-top-column elementor-element elementor-element-662b581\" data-id=\"662b581\" data-element_type=\"column\" data-e-type=\"column\">\n\t\t\t<div class=\"elementor-widget-wrap elementor-element-populated\">\n\t\t\t\t\t\t<div class=\"elementor-element elementor-element-de47b3c elementor-widget elementor-widget-heading\" data-id=\"de47b3c\" data-element_type=\"widget\" data-e-type=\"widget\" data-widget_type=\"heading.default\">\n\t\t\t\t<div class=\"elementor-widget-container\">\n\t\t\t\t\t<h2 class=\"elementor-heading-title elementor-size-default\">More News<\/h2>\t\t\t\t<\/div>\n\t\t\t\t<\/div>\n\t\t\t\t<div class=\"elementor-element elementor-element-26abe93 elementor-widget-divider--view-line_icon drag-info elementor-view-default elementor-widget-divider--element-align-center elementor-widget elementor-widget-divider\" data-id=\"26abe93\" data-element_type=\"widget\" data-e-type=\"widget\" data-widget_type=\"divider.default\">\n\t\t\t\t<div class=\"elementor-widget-container\">\n\t\t\t\t\t\t\t<div class=\"elementor-divider\">\n\t\t\t<span class=\"elementor-divider-separator\">\n\t\t\t\t\t\t\t<div class=\"elementor-icon elementor-divider__element\">\n\t\t\t\t\t<svg xmlns=\"http:\/\/www.w3.org\/2000\/svg\" xmlns:xlink=\"http:\/\/www.w3.org\/1999\/xlink\" id=\"Ebene_1\" x=\"0px\" y=\"0px\" viewBox=\"0 0 26 27.5\" style=\"enable-background:new 0 0 26 27.5;\" xml:space=\"preserve\"> <style type=\"text\/css\"> .st0{fill:#E3000F;stroke:#E3000F;stroke-width:1.25;stroke-miterlimit:10;} .st1{fill:#FFFFFF;} .st2{fill:#E3000F;} <\/style> <path class=\"st0\" d=\"M22.3,20.5c-1.4,2.7-2.9,4.9-7.7,4.9c-4.4,0-8.3-2.1-10.8-5.9C2.2,17.1,1.4,12,4,9.7c0.3-0.3,0.9-0.6,0.9-0.6 v4.6c0,0.6,0.2,0.9,0.6,0.9S6,14.3,6,13.7V5.8c0-1,0.6-2,1.8-2s1.7,1.1,1.7,2c0,0.4,0.3,0.7,0.7,0.7s0.7-0.3,0.7-0.7V4 c0-1.5,1.3-2,2.2-2c1,0,1.8,0.8,1.8,1.8v2.4c0,0.4,0.3,0.7,0.7,0.7s0.7-0.3,0.7-0.7V5.1c0-1,0.8-1.8,1.8-1.8s1.8,0.8,1.8,1.8V8 c0,0.4,0.3,0.7,0.7,0.7c0.4,0,0.7-0.3,0.7-0.7V6.3C21.5,6.2,22,6,22.3,6c0.8,0,1.4,0.6,1.4,1.3C23.6,10.3,23.4,18.4,22.3,20.5 M22.2,4.7c-0.2,0-0.6,0.1-1,0.2C21,3.3,19.7,2,18,2c-0.7,0-1.4,0.3-2,0.7c-0.4-1.2-1.6-2-2.9-2c-1.4,0-3,0.8-3.4,2.4 C9.3,2.7,8.6,2.5,7.9,2.5c-1.8,0-3.1,1.4-3.1,3.3v1.8C4.5,7.7,3.9,8.1,3.2,8.7C0.8,10.9,0,16.1,2.7,20.2c2.8,4.2,7,6.5,11.9,6.5 c5.6,0,7.5-2.8,8.9-5.7c1.4-2.8,1.4-13.3,1.4-13.7C24.9,5.9,23.7,4.7,22.2,4.7\"><\/path> <path class=\"st1\" d=\"M22.3,20.5c-1.4,2.7-2.9,4.9-7.7,4.9c-4.4,0-8.3-2.1-10.8-5.9C2.2,17.1,1.4,12,4,9.7c0.3-0.3,0.9-0.6,0.9-0.6 v4.6c0,0.6,0.2,0.9,0.6,0.9S6,14.3,6,13.7V5.8c0-1,0.6-2,1.8-2s1.7,1.1,1.7,2c0,0.4,0.3,0.7,0.7,0.7s0.7-0.3,0.7-0.7V4 c0-1.5,1.3-2,2.2-2c1,0,1.8,0.8,1.8,1.8v2.4c0,0.4,0.3,0.7,0.7,0.7s0.7-0.3,0.7-0.7V5.1c0-1,0.8-1.8,1.8-1.8s1.8,0.8,1.8,1.8V8 c0,0.4,0.3,0.7,0.7,0.7c0.4,0,0.7-0.3,0.7-0.7V6.3C21.5,6.2,22,6,22.3,6c0.8,0,1.4,0.6,1.4,1.3C23.6,10.3,23.4,18.4,22.3,20.5\"><\/path> <g> <path class=\"st2\" d=\"M5.2,14.9c-0.5,0-0.9-0.4-0.9-0.9V6.9C4.3,6.4,4.7,6,5.2,6c0.5,0,0.9,0.4,0.9,0.9V14 C6.1,14.5,5.7,14.9,5.2,14.9z\"><\/path> <\/g> <path class=\"st2\" d=\"M9.3,2.9v3.4c0,0.5,0.4,0.9,0.9,0.9c0.5,0,0.9-0.4,0.9-0.9V2.9H9.3z\"><\/path> <path class=\"st2\" d=\"M14.7,2.3v4.4c0,0.5,0.4,0.9,0.9,0.9c0.5,0,0.9-0.4,0.9-0.9V2.3H14.7z\"><\/path> <path class=\"st2\" d=\"M19.9,4.2v4.4c0,0.5,0.4,0.9,0.9,0.9c0.5,0,0.9-0.4,0.9-0.9V4.2H19.9z\"><\/path> <\/svg><\/div>\n\t\t\t\t\t\t<\/span>\n\t\t<\/div>\n\t\t\t\t\t\t<\/div>\n\t\t\t\t<\/div>\n\t\t\t\t<div class=\"elementor-element elementor-element-5c44783 elementor-widget elementor-widget-spacer\" data-id=\"5c44783\" data-element_type=\"widget\" data-e-type=\"widget\" data-widget_type=\"spacer.default\">\n\t\t\t\t<div class=\"elementor-widget-container\">\n\t\t\t\t\t\t\t<div class=\"elementor-spacer\">\n\t\t\t<div class=\"elementor-spacer-inner\"><\/div>\n\t\t<\/div>\n\t\t\t\t\t\t<\/div>\n\t\t\t\t<\/div>\n\t\t\t\t\t<\/div>\n\t\t<\/div>\n\t\t\t\t\t<\/div>\n\t\t<\/section>\n\t\t\t\t<\/div>\n\t\t","protected":false},"excerpt":{"rendered":"<p>Representatives of three countries were in Kehl and at the steelworks in the course of the Upper Rhine Conference.<\/p>\n","protected":false},"author":1,"featured_media":12938,"comment_status":"closed","ping_status":"closed","sticky":false,"template":"","format":"standard","meta":{"footnotes":""},"categories":[53],"tags":[],"class_list":["post-13245","post","type-post","status-publish","format-standard","has-post-thumbnail","hentry","category-aktuelles-en","entry"],"yoast_head":"<!-- This site is optimized with the Yoast SEO plugin v27.2 - https:\/\/yoast.com\/product\/yoast-seo-wordpress\/ -->\n<title>Functional only as a unit - Badische Stahlwerke<\/title>\n<meta name=\"robots\" content=\"index, follow, max-snippet:-1, max-image-preview:large, max-video-preview:-1\" \/>\n<link rel=\"canonical\" href=\"https:\/\/bsw-kehl.de\/en\/nur-als-einheit-funktionell\/\" \/>\n<meta property=\"og:locale\" content=\"en_US\" \/>\n<meta property=\"og:type\" content=\"article\" \/>\n<meta property=\"og:title\" content=\"Functional only as a unit - Badische Stahlwerke\" \/>\n<meta property=\"og:description\" content=\"Representatives of three countries were in Kehl and at the steelworks in the course of the Upper Rhine Conference.\" \/>\n<meta property=\"og:url\" content=\"https:\/\/bsw-kehl.de\/en\/nur-als-einheit-funktionell\/\" \/>\n<meta property=\"og:site_name\" content=\"Badische Stahlwerke\" \/>\n<meta property=\"article:published_time\" content=\"2021-09-29T12:06:00+00:00\" \/>\n<meta property=\"article:modified_time\" content=\"2022-01-18T09:34:21+00:00\" \/>\n<meta property=\"og:image\" content=\"https:\/\/bsw-kehl.de\/wp-content\/uploads\/2021\/10\/BSW-news-oberrhein-konferenz-bei-BSW.jpg\" \/>\n\t<meta property=\"og:image:width\" content=\"1600\" \/>\n\t<meta property=\"og:image:height\" content=\"900\" \/>\n\t<meta property=\"og:image:type\" content=\"image\/jpeg\" \/>\n<meta name=\"author\" content=\"p541088\" \/>\n<meta name=\"twitter:card\" content=\"summary_large_image\" \/>\n<meta name=\"twitter:label1\" content=\"Written by\" \/>\n\t<meta name=\"twitter:data1\" content=\"p541088\" \/>\n\t<meta name=\"twitter:label2\" content=\"Est. reading time\" \/>\n\t<meta name=\"twitter:data2\" content=\"2 minutes\" \/>\n<script type=\"application\/ld+json\" class=\"yoast-schema-graph\">{\"@context\":\"https:\/\/schema.org\",\"@graph\":[{\"@type\":\"Article\",\"@id\":\"https:\/\/bsw-kehl.de\/en\/nur-als-einheit-funktionell\/#article\",\"isPartOf\":{\"@id\":\"https:\/\/bsw-kehl.de\/en\/nur-als-einheit-funktionell\/\"},\"author\":{\"name\":\"p541088\",\"@id\":\"https:\/\/bsw-kehl.de\/en\/#\/schema\/person\/344f5b2d95de6ac9f4004e04af84274a\"},\"headline\":\"Functional only as a unit\",\"datePublished\":\"2021-09-29T12:06:00+00:00\",\"dateModified\":\"2022-01-18T09:34:21+00:00\",\"mainEntityOfPage\":{\"@id\":\"https:\/\/bsw-kehl.de\/en\/nur-als-einheit-funktionell\/\"},\"wordCount\":389,\"publisher\":{\"@id\":\"https:\/\/bsw-kehl.de\/en\/#organization\"},\"image\":{\"@id\":\"https:\/\/bsw-kehl.de\/en\/nur-als-einheit-funktionell\/#primaryimage\"},\"thumbnailUrl\":\"https:\/\/bsw-kehl.de\/wp-content\/uploads\/2021\/10\/BSW-news-oberrhein-konferenz-bei-BSW.jpg\",\"articleSection\":[\"Aktuelles\"],\"inLanguage\":\"en-US\"},{\"@type\":\"WebPage\",\"@id\":\"https:\/\/bsw-kehl.de\/en\/nur-als-einheit-funktionell\/\",\"url\":\"https:\/\/bsw-kehl.de\/en\/nur-als-einheit-funktionell\/\",\"name\":\"Functional only as a unit - Badische Stahlwerke\",\"isPartOf\":{\"@id\":\"https:\/\/bsw-kehl.de\/en\/#website\"},\"primaryImageOfPage\":{\"@id\":\"https:\/\/bsw-kehl.de\/en\/nur-als-einheit-funktionell\/#primaryimage\"},\"image\":{\"@id\":\"https:\/\/bsw-kehl.de\/en\/nur-als-einheit-funktionell\/#primaryimage\"},\"thumbnailUrl\":\"https:\/\/bsw-kehl.de\/wp-content\/uploads\/2021\/10\/BSW-news-oberrhein-konferenz-bei-BSW.jpg\",\"datePublished\":\"2021-09-29T12:06:00+00:00\",\"dateModified\":\"2022-01-18T09:34:21+00:00\",\"inLanguage\":\"en-US\",\"potentialAction\":[{\"@type\":\"ReadAction\",\"target\":[\"https:\/\/bsw-kehl.de\/en\/nur-als-einheit-funktionell\/\"]}]},{\"@type\":\"ImageObject\",\"inLanguage\":\"en-US\",\"@id\":\"https:\/\/bsw-kehl.de\/en\/nur-als-einheit-funktionell\/#primaryimage\",\"url\":\"https:\/\/bsw-kehl.de\/wp-content\/uploads\/2021\/10\/BSW-news-oberrhein-konferenz-bei-BSW.jpg\",\"contentUrl\":\"https:\/\/bsw-kehl.de\/wp-content\/uploads\/2021\/10\/BSW-news-oberrhein-konferenz-bei-BSW.jpg\",\"width\":1600,\"height\":900},{\"@type\":\"WebSite\",\"@id\":\"https:\/\/bsw-kehl.de\/en\/#website\",\"url\":\"https:\/\/bsw-kehl.de\/en\/\",\"name\":\"Badische Stahlwerke\",\"description\":\"Gr\u00f6\u00dfter Bewehrungsstahlanbieter Deutschlands\",\"publisher\":{\"@id\":\"https:\/\/bsw-kehl.de\/en\/#organization\"},\"potentialAction\":[{\"@type\":\"SearchAction\",\"target\":{\"@type\":\"EntryPoint\",\"urlTemplate\":\"https:\/\/bsw-kehl.de\/en\/?s={search_term_string}\"},\"query-input\":{\"@type\":\"PropertyValueSpecification\",\"valueRequired\":true,\"valueName\":\"search_term_string\"}}],\"inLanguage\":\"en-US\"},{\"@type\":\"Organization\",\"@id\":\"https:\/\/bsw-kehl.de\/en\/#organization\",\"name\":\"Badische Stahlwerke GmbH\",\"url\":\"https:\/\/bsw-kehl.de\/en\/\",\"logo\":{\"@type\":\"ImageObject\",\"inLanguage\":\"en-US\",\"@id\":\"https:\/\/bsw-kehl.de\/en\/#\/schema\/logo\/image\/\",\"url\":\"http:\/\/wordpress.p677795.webspaceconfig.de\/wp-content\/uploads\/2020\/01\/Badische_Stahlwerke_bildmarke.svg\",\"contentUrl\":\"http:\/\/wordpress.p677795.webspaceconfig.de\/wp-content\/uploads\/2020\/01\/Badische_Stahlwerke_bildmarke.svg\",\"width\":50,\"height\":50,\"caption\":\"Badische Stahlwerke GmbH\"},\"image\":{\"@id\":\"https:\/\/bsw-kehl.de\/en\/#\/schema\/logo\/image\/\"}},{\"@type\":\"Person\",\"@id\":\"https:\/\/bsw-kehl.de\/en\/#\/schema\/person\/344f5b2d95de6ac9f4004e04af84274a\",\"name\":\"p541088\",\"image\":{\"@type\":\"ImageObject\",\"inLanguage\":\"en-US\",\"@id\":\"https:\/\/secure.gravatar.com\/avatar\/dfb08ee5b33f66c584bd402c5b161e2f068232e46a31b6c3c3f5689fd14f6bb8?s=96&d=mm&r=g\",\"url\":\"https:\/\/secure.gravatar.com\/avatar\/dfb08ee5b33f66c584bd402c5b161e2f068232e46a31b6c3c3f5689fd14f6bb8?s=96&d=mm&r=g\",\"contentUrl\":\"https:\/\/secure.gravatar.com\/avatar\/dfb08ee5b33f66c584bd402c5b161e2f068232e46a31b6c3c3f5689fd14f6bb8?s=96&d=mm&r=g\",\"caption\":\"p541088\"}}]}<\/script>\n<!-- \/ Yoast SEO plugin. -->","yoast_head_json":{"title":"Functional only as a unit - Badische Stahlwerke","robots":{"index":"index","follow":"follow","max-snippet":"max-snippet:-1","max-image-preview":"max-image-preview:large","max-video-preview":"max-video-preview:-1"},"canonical":"https:\/\/bsw-kehl.de\/en\/nur-als-einheit-funktionell\/","og_locale":"en_US","og_type":"article","og_title":"Functional only as a unit - Badische Stahlwerke","og_description":"Representatives of three countries were in Kehl and at the steelworks in the course of the Upper Rhine Conference.","og_url":"https:\/\/bsw-kehl.de\/en\/nur-als-einheit-funktionell\/","og_site_name":"Badische Stahlwerke","article_published_time":"2021-09-29T12:06:00+00:00","article_modified_time":"2022-01-18T09:34:21+00:00","og_image":[{"width":1600,"height":900,"url":"https:\/\/bsw-kehl.de\/wp-content\/uploads\/2021\/10\/BSW-news-oberrhein-konferenz-bei-BSW.jpg","type":"image\/jpeg"}],"author":"p541088","twitter_card":"summary_large_image","twitter_misc":{"Written by":"p541088","Est. reading time":"2 minutes"},"schema":{"@context":"https:\/\/schema.org","@graph":[{"@type":"Article","@id":"https:\/\/bsw-kehl.de\/en\/nur-als-einheit-funktionell\/#article","isPartOf":{"@id":"https:\/\/bsw-kehl.de\/en\/nur-als-einheit-funktionell\/"},"author":{"name":"p541088","@id":"https:\/\/bsw-kehl.de\/en\/#\/schema\/person\/344f5b2d95de6ac9f4004e04af84274a"},"headline":"Functional only as a unit","datePublished":"2021-09-29T12:06:00+00:00","dateModified":"2022-01-18T09:34:21+00:00","mainEntityOfPage":{"@id":"https:\/\/bsw-kehl.de\/en\/nur-als-einheit-funktionell\/"},"wordCount":389,"publisher":{"@id":"https:\/\/bsw-kehl.de\/en\/#organization"},"image":{"@id":"https:\/\/bsw-kehl.de\/en\/nur-als-einheit-funktionell\/#primaryimage"},"thumbnailUrl":"https:\/\/bsw-kehl.de\/wp-content\/uploads\/2021\/10\/BSW-news-oberrhein-konferenz-bei-BSW.jpg","articleSection":["Aktuelles"],"inLanguage":"en-US"},{"@type":"WebPage","@id":"https:\/\/bsw-kehl.de\/en\/nur-als-einheit-funktionell\/","url":"https:\/\/bsw-kehl.de\/en\/nur-als-einheit-funktionell\/","name":"Functional only as a unit - Badische Stahlwerke","isPartOf":{"@id":"https:\/\/bsw-kehl.de\/en\/#website"},"primaryImageOfPage":{"@id":"https:\/\/bsw-kehl.de\/en\/nur-als-einheit-funktionell\/#primaryimage"},"image":{"@id":"https:\/\/bsw-kehl.de\/en\/nur-als-einheit-funktionell\/#primaryimage"},"thumbnailUrl":"https:\/\/bsw-kehl.de\/wp-content\/uploads\/2021\/10\/BSW-news-oberrhein-konferenz-bei-BSW.jpg","datePublished":"2021-09-29T12:06:00+00:00","dateModified":"2022-01-18T09:34:21+00:00","inLanguage":"en-US","potentialAction":[{"@type":"ReadAction","target":["https:\/\/bsw-kehl.de\/en\/nur-als-einheit-funktionell\/"]}]},{"@type":"ImageObject","inLanguage":"en-US","@id":"https:\/\/bsw-kehl.de\/en\/nur-als-einheit-funktionell\/#primaryimage","url":"https:\/\/bsw-kehl.de\/wp-content\/uploads\/2021\/10\/BSW-news-oberrhein-konferenz-bei-BSW.jpg","contentUrl":"https:\/\/bsw-kehl.de\/wp-content\/uploads\/2021\/10\/BSW-news-oberrhein-konferenz-bei-BSW.jpg","width":1600,"height":900},{"@type":"WebSite","@id":"https:\/\/bsw-kehl.de\/en\/#website","url":"https:\/\/bsw-kehl.de\/en\/","name":"Badische Stahlwerke","description":"Gr\u00f6\u00dfter Bewehrungsstahlanbieter Deutschlands","publisher":{"@id":"https:\/\/bsw-kehl.de\/en\/#organization"},"potentialAction":[{"@type":"SearchAction","target":{"@type":"EntryPoint","urlTemplate":"https:\/\/bsw-kehl.de\/en\/?s={search_term_string}"},"query-input":{"@type":"PropertyValueSpecification","valueRequired":true,"valueName":"search_term_string"}}],"inLanguage":"en-US"},{"@type":"Organization","@id":"https:\/\/bsw-kehl.de\/en\/#organization","name":"Badische Stahlwerke GmbH","url":"https:\/\/bsw-kehl.de\/en\/","logo":{"@type":"ImageObject","inLanguage":"en-US","@id":"https:\/\/bsw-kehl.de\/en\/#\/schema\/logo\/image\/","url":"http:\/\/wordpress.p677795.webspaceconfig.de\/wp-content\/uploads\/2020\/01\/Badische_Stahlwerke_bildmarke.svg","contentUrl":"http:\/\/wordpress.p677795.webspaceconfig.de\/wp-content\/uploads\/2020\/01\/Badische_Stahlwerke_bildmarke.svg","width":50,"height":50,"caption":"Badische Stahlwerke GmbH"},"image":{"@id":"https:\/\/bsw-kehl.de\/en\/#\/schema\/logo\/image\/"}},{"@type":"Person","@id":"https:\/\/bsw-kehl.de\/en\/#\/schema\/person\/344f5b2d95de6ac9f4004e04af84274a","name":"p541088","image":{"@type":"ImageObject","inLanguage":"en-US","@id":"https:\/\/secure.gravatar.com\/avatar\/dfb08ee5b33f66c584bd402c5b161e2f068232e46a31b6c3c3f5689fd14f6bb8?s=96&d=mm&r=g","url":"https:\/\/secure.gravatar.com\/avatar\/dfb08ee5b33f66c584bd402c5b161e2f068232e46a31b6c3c3f5689fd14f6bb8?s=96&d=mm&r=g","contentUrl":"https:\/\/secure.gravatar.com\/avatar\/dfb08ee5b33f66c584bd402c5b161e2f068232e46a31b6c3c3f5689fd14f6bb8?s=96&d=mm&r=g","caption":"p541088"}}]}},"_links":{"self":[{"href":"https:\/\/bsw-kehl.de\/en\/wp-json\/wp\/v2\/posts\/13245","targetHints":{"allow":["GET"]}}],"collection":[{"href":"https:\/\/bsw-kehl.de\/en\/wp-json\/wp\/v2\/posts"}],"about":[{"href":"https:\/\/bsw-kehl.de\/en\/wp-json\/wp\/v2\/types\/post"}],"author":[{"embeddable":true,"href":"https:\/\/bsw-kehl.de\/en\/wp-json\/wp\/v2\/users\/1"}],"replies":[{"embeddable":true,"href":"https:\/\/bsw-kehl.de\/en\/wp-json\/wp\/v2\/comments?post=13245"}],"version-history":[{"count":0,"href":"https:\/\/bsw-kehl.de\/en\/wp-json\/wp\/v2\/posts\/13245\/revisions"}],"wp:featuredmedia":[{"embeddable":true,"href":"https:\/\/bsw-kehl.de\/en\/wp-json\/wp\/v2\/media\/12938"}],"wp:attachment":[{"href":"https:\/\/bsw-kehl.de\/en\/wp-json\/wp\/v2\/media?parent=13245"}],"wp:term":[{"taxonomy":"category","embeddable":true,"href":"https:\/\/bsw-kehl.de\/en\/wp-json\/wp\/v2\/categories?post=13245"},{"taxonomy":"post_tag","embeddable":true,"href":"https:\/\/bsw-kehl.de\/en\/wp-json\/wp\/v2\/tags?post=13245"}],"curies":[{"name":"wp","href":"https:\/\/api.w.org\/{rel}","templated":true}]}}